{"id":12103,"date":"2020-06-04T12:41:45","date_gmt":"2020-06-04T12:41:45","guid":{"rendered":"http:\/\/www.mspprato.it\/site\/?p=12103"},"modified":"2020-06-08T09:35:05","modified_gmt":"2020-06-08T09:35:05","slug":"mezzana-summer-camp-2020","status":"publish","type":"post","link":"https:\/\/www.mspprato.it\/site\/mezzana-summer-camp-2020\/","title":{"rendered":"Mezzana Summer Camp 2020"},"content":{"rendered":"<p><iframe loading=\"lazy\" style=\"border: none; overflow: hidden;\" src=\"https:\/\/www.facebook.com\/plugins\/video.php?href=https%3A%2F%2Fwww.facebook.com%2Fmspprato%2Fvideos%2F702225940351377%2F&amp;show_text=0&amp;width=560\" width=\"560\" height=\"315\" frameborder=\"0\" scrolling=\"no\" allowfullscreen=\"allowfullscreen\"><\/iframe><\/p>\n<p>&nbsp;<\/p>\n<p><b>CENTRO ESTIVO &#8211; SUMMER CAMP MEZZANA 2020<\/b><\/p>\n<p><span style=\"font-weight: 400;\">Per bambini e bambine nati dal 2007 al 2015<\/span><\/p>\n<p><b>Dal luned\u00ec al venerd\u00ec, dal 15 giugno al 7 agosto<\/b><\/p>\n<p>&nbsp;<\/p>\n<p><b>TARIFFE PER 8 SETTIMANE:<\/b><\/p>\n<ul>\n<li style=\"font-weight: 400;\"><span style=\"font-weight: 400;\">EURO 95,00 A SETTIMANA<\/span><\/li>\n<\/ul>\n<p><span style=\"font-weight: 400;\">(AGEVOLAZIONE 4 SETTIMANE \u20ac 350,00) &#8211; <\/span><span style=\"font-weight: 400;\">(AGEVOLAZIONE 8 SETTIMANE \u20ac 650,00)<\/span><\/p>\n<p><em>A seguito dell\u2019emanazione del decreto legge n. 34\/2020, \u00e8 possibile presentare la domanda all&#8217;INPS per i due nuovi bonus introdotti per servizi di <strong>BABY SITTING<\/strong> e per l\u2019iscrizione ai <strong>CENTRI ESTIVI E SERVIZI INTEGRATIVI PER L\u2019INFANZIA<\/strong>.<\/em><\/p>\n<p>&nbsp;<\/p>\n<p><b>ATTIVIT\u00c1 GIORNALIERA:<\/b><\/p>\n<ul>\n<li style=\"font-weight: 400;\"><span style=\"font-weight: 400;\">dalle 7.30 alle 9.00 accoglienza e intrattenimento iniziale<\/span><\/li>\n<li style=\"font-weight: 400;\"><span style=\"font-weight: 400;\">dalle 9.00 alle 10.30 attivit\u00e0 motoria e sportiva individuale<\/span><\/li>\n<li style=\"font-weight: 400;\"><span style=\"font-weight: 400;\">10.30 spuntino (snack)<\/span><\/li>\n<li style=\"font-weight: 400;\"><span style=\"font-weight: 400;\">dalle 11.00 alle 12.30 attivit\u00e0 ludico\/ricreative<\/span><\/li>\n<li style=\"font-weight: 400;\"><span style=\"font-weight: 400;\">12.30 pranzo (primo, secondo, contorno)<\/span><\/li>\n<li style=\"font-weight: 400;\"><span style=\"font-weight: 400;\">dalle 13.45 alle 15.00 compiti individuali<\/span><\/li>\n<li style=\"font-weight: 400;\"><span style=\"font-weight: 400;\">dalle 15.00 alle 16.30\u00a0 attivit\u00e0 ludico\/ricreative<\/span><\/li>\n<li style=\"font-weight: 400;\"><span style=\"font-weight: 400;\">16.30 merenda (a base di frutta fresca)<\/span><\/li>\n<li style=\"font-weight: 400;\"><span style=\"font-weight: 400;\">dalle 17.00 alle 17.30 uscita<\/span><\/li>\n<\/ul>\n<p>&nbsp;<\/p>\n<p><b>MODULISTICA:<\/b><\/p>\n<ul>\n<li><a href=\"http:\/\/www.mspprato.it\/site\/wp-content\/uploads\/2020\/06\/Brochure-MSP-Summer-Camp-Mezzana-2020.pdf\">Brochure MSP Summer Camp Mezzana 2020<\/a><\/li>\n<li><a href=\"http:\/\/www.mspprato.it\/site\/wp-content\/uploads\/2020\/06\/Domanda-Iscrizione.pdf\">Domanda Iscrizione<\/a><\/li>\n<\/ul>\n<p>&nbsp;<\/p>\n<p><b>CONTATTI:<\/b><\/p>\n<p><span style=\"font-weight: 400;\">Gabriele Paolieri, cell. 328 1181423 &#8211; prato@mspitalia.it<\/span><\/p>\n<p>&nbsp;<\/p>\n<p><b>I CENTRI ESTIVI AL TEMPO DEL COVID-19:<\/b><\/p>\n<p>&nbsp;<\/p>\n<p><span style=\"font-weight: 400;\">MSP Prato, forte dell&#8217;esperienza maturata nell&#8217;ambito sportivo giovanile e nella promozione sociale organizza il \u201cSummer Camp Mezzana 2020\u201d per il divertimento assicurato per tutti i partecipanti: un motivo in pi\u00f9 di crescita fisica e psicologica nel corso delle varie attivit\u00e0 svolte, un supporto per tutti i genitori che alla fine della scuola e in questo periodo particolare vogliono continuare a tenere impegnati i loro figli in attivit\u00e0 ludiche e formative in un ambiente sano.<\/span><\/p>\n<p>&nbsp;<\/p>\n<p><b>Accessibilit\u00e0<\/b><\/p>\n<p><span style=\"font-weight: 400;\">Le condizioni di salute dei bambini devono essere provate mediante certificazione medica a cura del pediatra. \u00c8 garantito il distanziamento fisico con l\u2019organizzazione delle attivit\u00e0 in piccoli gruppi e in ampi spazi. A tal fine sono privilegiate le attivit\u00e0 in spazi aperti (2 campi da gioco in erba sintetica e giardini limitrofi in erba naturale). Sono previste ampie e adeguate zone d\u2019ombra. In caso di attivit\u00e0 in spazi chiusi, \u00e8 garantita l\u2019aerazione abbondante dei locali con porte e finestre aperte per la maggior parte del tempo.\u00a0<\/span><\/p>\n<p>&nbsp;<\/p>\n<p><b>Entrata e uscita<\/b><\/p>\n<p><span style=\"font-weight: 400;\">\u00c8 importante che la situazione di arrivo e rientro a casa dei bambini e adolescenti si svolga senza comportare assembramenti. Viene scaglionato l\u2019ingresso ogni 5 minuti e organizzata l\u2019accoglienza all\u2019esterno. \u00c8 vietato l\u2019ingresso agli adulti accompagnatori negli spazi del centro estivo. Saranno opportunamente differenziati i punti di ingresso dai punti di uscita, con individuazione di percorsi obbligati. I bambini e gli operatori devono lavarsi le mani con acqua e sapone o con gel igienizzante (da tenere fuori dalla portata dei bambini) prima di entrare e prima di uscire. Il genitore dovr\u00e0 rilasciare un\u2019autocertificazione in cui dichiara se il bambino ha avuto la febbre, tosse, difficolt\u00e0 respiratoria o \u00e8 stato male a casa. In entrata, dopo aver igienizzato le mani, viene misurata la temperatura corporea degli operatori e dei bambini.<\/span><\/p>\n<p>&nbsp;<\/p>\n<p><b>Operatori e rapporto operatori\/bambini<\/b><\/p>\n<p><span style=\"font-weight: 400;\">Tutto il personale (professionisti e volontari) \u00e8 informato sui temi della prevenzione dal Covid-19 e conosce per tempo lo spazio in cui operer\u00e0 e ha programmato in anticipo le attivit\u00e0. \u00c8 prevista la pulizia approfondita (almeno giornaliera) delle attrezzature utilizzate, il lavaggio delle mani dopo ogni attivit\u00e0, attenzione alla non condivisione di posate e bicchiere da parte dei bambini. Saranno vietate le attivit\u00e0 con assembramenti di pi\u00f9 persone. Il rapporto numerico tra operatori e bambini (e adolescenti) fissato dal Governo tiene in considerazione sia il grado di autonomia nelle attivit\u00e0 comuni come il pasto o l\u2019uso dei servizi igienici, sia la capacit\u00e0 dei minori di aderire alle misure di distanziamento sociale e prevenzione. Il rapporto minimo \u00e8 cos\u00ec fissato: per i bambini in et\u00e0 di scuola dell\u2019infanzia (dai 3 ai 5 anni), un rapporto di un adulto ogni 5 bambini; per i bambini in et\u00e0 di scuola primaria (dai 6 agli 11 anni), un rapporto di un adulto ogni 7 bambini; per gli adolescenti in et\u00e0 di scuola secondaria (dai 12 ai 17 anni), un rapporto di un adulto ogni 10 adolescenti.<\/span><\/p>\n<p>&nbsp;<\/p>\n<p><b>Igiene e pulizia<\/b><\/p>\n<p><span style=\"font-weight: 400;\">Particolare attenzione \u00e8 rivolta all\u2019uso delle mascherine, al mantenimento del distanziamento fisico, alla pulizia frequente delle superfici e dei materiali con detergente neutro. I bagni saranno oggetto di pulizia dopo ogni utilizzo e di disinfezione almeno giornaliera con soluzioni a base di ipoclorito di sodio allo 0,1% di cloro attivo o altri prodotti virucidi autorizzati seguendo le istruzioni per l\u2019uso fornite dal produttore. \u00c8 vietato l\u2019uso della doccia. I bambini e gli operatori devono lavarsi le mani in maniera accurata con acqua e sapone o con gel\u00a0 igienizzante (da tenere fuori dalla portata dei bambini), non tossire o starnutire senza protezione, mantenere il distanziamento fisico di almeno un metro dalle altre persone, non toccarsi il viso con le mani. <\/span><\/p>\n","protected":false},"excerpt":{"rendered":"<p>&nbsp; CENTRO ESTIVO &#8211; SUMMER CAMP MEZZANA 2020 Per bambini e bambine nati dal 2007 al 2015 Dal luned\u00ec al venerd\u00ec, dal 15 giugno al 7 agosto &nbsp; TARIFFE PER 8 SETTIMANE: EURO 95,00 A SETTIMANA (AGEVOLAZIONE 4 SETTIMANE \u20ac 350,00) &#8211; (AGEVOLAZIONE 8 SETTIMANE \u20ac 650,00) A seguito dell\u2019emanazione del decreto legge n. 34\/2020, [&hellip;]<\/p>\n","protected":false},"author":1,"featured_media":12104,"comment_status":"closed","ping_status":"closed","sticky":false,"template":"","format":"standard","meta":{"footnotes":""},"categories":[149],"tags":[],"_links":{"self":[{"href":"https:\/\/www.mspprato.it\/site\/wp-json\/wp\/v2\/posts\/12103"}],"collection":[{"href":"https:\/\/www.mspprato.it\/site\/wp-json\/wp\/v2\/posts"}],"about":[{"href":"https:\/\/www.mspprato.it\/site\/wp-json\/wp\/v2\/types\/post"}],"author":[{"embeddable":true,"href":"https:\/\/www.mspprato.it\/site\/wp-json\/wp\/v2\/users\/1"}],"replies":[{"embeddable":true,"href":"https:\/\/www.mspprato.it\/site\/wp-json\/wp\/v2\/comments?post=12103"}],"version-history":[{"count":5,"href":"https:\/\/www.mspprato.it\/site\/wp-json\/wp\/v2\/posts\/12103\/revisions"}],"predecessor-version":[{"id":12111,"href":"https:\/\/www.mspprato.it\/site\/wp-json\/wp\/v2\/posts\/12103\/revisions\/12111"}],"wp:featuredmedia":[{"embeddable":true,"href":"https:\/\/www.mspprato.it\/site\/wp-json\/wp\/v2\/media\/12104"}],"wp:attachment":[{"href":"https:\/\/www.mspprato.it\/site\/wp-json\/wp\/v2\/media?parent=12103"}],"wp:term":[{"taxonomy":"category","embeddable":true,"href":"https:\/\/www.mspprato.it\/site\/wp-json\/wp\/v2\/categories?post=12103"},{"taxonomy":"post_tag","embeddable":true,"href":"https:\/\/www.mspprato.it\/site\/wp-json\/wp\/v2\/tags?post=12103"}],"curies":[{"name":"wp","href":"https:\/\/api.w.org\/{rel}","templated":true}]}}